{"id":39871,"date":"2026-08-31T15:27:33","date_gmt":"2026-08-31T13:27:33","guid":{"rendered":"https:\/\/www.aipd.it\/site\/?p=39871"},"modified":"2026-08-31T15:31:20","modified_gmt":"2026-08-31T13:31:20","slug":"mutui-prima-casa-e-fondo-di-garanzia-facciamo-chiarezza","status":"publish","type":"post","link":"https:\/\/www.aipd.it\/site\/mutui-prima-casa-e-fondo-di-garanzia-facciamo-chiarezza\/","title":{"rendered":"Mutui prima casa e Fondo di Garanzia: facciamo chiarezza"},"content":{"rendered":"<div class=\"fusion-fullwidth fullwidth-box fusion-builder-row-1 fusion-flex-container nonhundred-percent-fullwidth non-hundred-percent-height-scrolling\" style=\"background-color: rgba(255,255,255,0);background-position: center center;background-repeat: no-repeat;border-width: 0px 0px 0px 0px;border-color:#eae9e9;border-style:solid;\" ><div class=\"fusion-builder-row fusion-row fusion-flex-align-items-flex-start\" style=\"max-width:1216.8px;margin-left: calc(-4% \/ 2 );margin-right: calc(-4% \/ 2 );\"><div class=\"fusion-layout-column fusion_builder_column fusion-builder-column-0 fusion_builder_column_1_1 1_1 fusion-flex-column\"><div class=\"fusion-column-wrapper fusion-flex-justify-content-flex-start fusion-content-layout-column\" style=\"background-position:left top;background-repeat:no-repeat;-webkit-background-size:cover;-moz-background-size:cover;-o-background-size:cover;background-size:cover;padding: 0px 0px 0px 0px;\"><div class=\"fusion-text fusion-text-1\"><p><em>La Legge 116\/2026 (di conversione del DL 62\/2026, n. 62) amplia le categorie che possono accedere con priorit\u00e0 al Fondo di Garanzia Prima Casa, gestito da CONSAP. Ecco chi pu\u00f2 beneficiarne, quali sono i requisiti previsti e quali opportunit\u00e0 pu\u00f2 offrire alle famiglie delle persone con sindrome di Down.<\/em><\/p>\n<p>Da luglio numerose notizie parlano di &#8220;mutui agevolati&#8221; e di nuove misure per favorire l&#8217;acquisto della prima casa da parte delle persone con disabilit\u00e0. Alcuni titoli possono far pensare che siano previsti contributi economici o finanziamenti particolarmente vantaggiosi.<br \/>In realt\u00e0, la novit\u00e0 introdotta dall\u2019 <a href=\"https:\/\/www.normattiva.it\/uri-res\/N2Ls?urn:nir:stato:decreto.legge:2026;66~art4bis\" target=\"_blank\" rel=\"noopener\">art. 4-bis del DL 62\/2026<\/a> riguarda il <strong>Fondo di Garanzia Prima Casa<\/strong>, uno strumento gi\u00e0 esistente, che \u00e8 stato modificato ampliando le categorie di persone che possono accedervi con priorit\u00e0.<\/p>\n<p>Vediamo, in modo semplice, che cosa prevede la nuova normativa e quali opportunit\u00e0 pu\u00f2 offrire alle famiglie.<\/p>\n<p><strong>Che cos&#8217;\u00e8 il Fondo di Garanzia Prima Casa?<\/strong><\/p>\n<p>Il <a href=\"https:\/\/www.consap.it\/fondo-prima-casa\/\" target=\"_blank\" rel=\"noopener\">Fondo di Garanzia Prima Casa<\/a>, gestito da <a href=\"https:\/\/www.consap.it\/fondo-di-sospensione-mutui-per-l-acquisto-della-prima-casa\/\" target=\"_blank\" rel=\"noopener\"><strong>CONSAP<\/strong><\/a> per conto del Ministero dell&#8217;Economia e delle Finanze, ha l&#8217;obiettivo di facilitare l&#8217;accesso al mutuo per l&#8217;acquisto della prima abitazione.<br \/>\u00c8 importante chiarire subito un aspetto che ha generato qualche equivoco.<br \/>Il Fondo <strong>non eroga contributi economici<\/strong>, non paga una parte del prezzo della casa e non concede mutui direttamente ai cittadini.<\/p>\n<p>Il suo compito \u00e8 quello di offrire una <strong>garanzia pubblica alla banca<\/strong> che concede il mutuo. In questo modo l&#8217;istituto di credito assume un rischio minore e pu\u00f2 valutare pi\u00f9 favorevolmente la richiesta di finanziamento.<br \/>La presenza della garanzia pubblica, tuttavia, <strong>non comporta automaticamente la concessione del mutuo<\/strong>: la banca continua a verificare il reddito del richiedente, la capacit\u00e0 di sostenere le rate e tutti gli altri requisiti previsti dalla normativa bancaria.<\/p>\n<p><strong>Chi pu\u00f2 beneficiare della nuova misura?<\/strong><br \/>La principale novit\u00e0 introdotta dalla Legge 116\/2026 riguarda <strong>l&#8217;ampliamento delle categorie che possono accedere con priorit\u00e0 al Fondo di Garanzia Prima Casa<\/strong>.<br \/>Accanto alle persone con disabilit\u00e0 grave riconosciuta ai sensi dell&#8217;art. 3, comma 3, della Legge 104\/1992, sono ora incluse tra le categorie prioritarie anche i componenti di un nucleo familiare al quale appartenga, da almeno due anni, un familiare convivente con disabilit\u00e0 grave che sia <strong>figlio, figlia, fratello o sorella del richiedente<\/strong>, purch\u00e9 siano soddisfatti anche tutti gli altri requisiti previsti per l&#8217;accesso al Fondo, compresi quelli relativi all&#8217;acquisto della prima casa.<\/p>\n<p><strong>Per molte famiglie questa \u00e8 la novit\u00e0 di maggiore interesse. La legge, infatti, riconosce che l&#8217;accesso alla prima casa pu\u00f2 riguardare non solo la persona con disabilit\u00e0, ma anche il suo nucleo familiare, nei casi e alle condizioni espressamente previsti dalla normativa.<\/strong><br \/>\u00c8 importante ricordare, tuttavia, che <strong>la sola presenza di una persona con disabilit\u00e0 grave nel nucleo familiare non \u00e8 sufficiente<\/strong> per accedere al Fondo. Restano necessari tutti gli altri requisiti previsti dalla normativa e la valutazione della banca sulla concessione del mutuo.<\/p>\n<p><strong>Perch\u00e9 pu\u00f2 essere utile confrontare pi\u00f9 offerte?<\/strong><br \/>Anche quando si possiedono i requisiti per accedere al Fondo di Garanzia Prima Casa, <strong>le condizioni del mutuo possono essere molto diverse da una banca all&#8217;altra<\/strong>.<br \/>Tassi di interesse, spese, durata del finanziamento e criteri di valutazione del merito creditizio non sono uguali per tutti gli istituti.<br \/>Per questo motivo pu\u00f2 essere utile confrontare pi\u00f9 proposte, eventualmente con il supporto di un <strong>consulente del credito qualificato<\/strong>, che pu\u00f2 aiutare a individuare la soluzione pi\u00f9 adatta alle esigenze della famiglia e a verificare quali banche applicano le condizioni pi\u00f9 favorevoli.<\/p>\n<p>Naturalmente, anche il miglior consulente non pu\u00f2 garantire l&#8217;approvazione del mutuo: la decisione finale rimane sempre di competenza della banca.<\/p>\n<p><strong>Non solo Fondo di Garanzia<\/strong><br \/>Il Fondo di Garanzia Prima Casa rappresenta una delle opportunit\u00e0 previste dall&#8217;ordinamento per favorire l&#8217;accesso al mutuo, ma <strong>non \u00e8 l&#8217;unica soluzione possibile<\/strong>.<br \/>A seconda della situazione della famiglia, possono esistere anche altre soluzioni di finanziamento che meritano di essere valutate con attenzione.<br \/>Per questo motivo, prima di assumere un impegno economico cos\u00ec importante, \u00e8 consigliabile confrontare le diverse offerte disponibili e valutare con attenzione le caratteristiche del mutuo pi\u00f9 adatto alle proprie esigenze.<br \/>Per supportare le famiglie in questo percorso, <strong>AIPD Nazionale<\/strong> mette a disposizione una <strong>consulenza gratuita sul credito<\/strong>, svolta da un consulente qualificato nell&#8217;ambito dell&#8217;\u00e9quipe multidisciplinare dell&#8217;Associazione (<a href=\"https:\/\/www.aipd.it\/site\/telefono-d\/\" target=\"_blank\" rel=\"noopener\">servizio di Consulenza legale, cui accedere attraverso il Telefono D<\/a>). Il servizio aiuta le famiglie a comprendere le opportunit\u00e0 disponibili, confrontare le diverse offerte e orientarsi nella scelta della soluzione pi\u00f9 adatta alla propria situazione.<\/p>\n<p><strong>In sintesi<\/strong><\/p>\n<ul>\n<li><strong>La Legge 116\/2026 non introduce contributi economici per acquistare una casa.<\/strong><\/li>\n<li>La novit\u00e0 riguarda l&#8217;ampliamento delle categorie che possono accedere con priorit\u00e0 al <strong>Fondo di Garanzia Prima Casa<\/strong>, gestito da CONSAP.<\/li>\n<li>Possono rientrare tra i beneficiari, nei casi previsti dalla legge, oltre alle stesse persone con disabilit\u00e0, anche alcuni familiari conviventi, purch\u00e9 siano soddisfatti tutti i requisiti richiesti dalla normativa.<\/li>\n<li>La garanzia del Fondo pu\u00f2 facilitare l&#8217;accesso al mutuo, ma <strong>non sostituisce la valutazione della banca<\/strong>, che resta sempre necessaria.<\/li>\n<\/ul>\n<p>Confrontare le diverse offerte di mutuo e ricevere una consulenza qualificata pu\u00f2 aiutare le famiglie a individuare la soluzione pi\u00f9 adatta alle proprie esigenze.<\/p>\n<\/div><\/div><style type=\"text\/css\">.fusion-body .fusion-builder-column-0{width:100% !important;margin-top : 0px;margin-bottom : 20px;}.fusion-builder-column-0 > .fusion-column-wrapper {padding-top : 0px !important;padding-right : 0px !important;margin-right : 1.92%;padding-bottom : 0px !important;padding-left : 0px !important;margin-left : 1.92%;}@media only screen and (max-width:1024px) {.fusion-body .fusion-builder-column-0{width:100% !important;order : 0;}.fusion-builder-column-0 > .fusion-column-wrapper {margin-right : 1.92%;margin-left : 1.92%;}}@media only screen and (max-width:640px) {.fusion-body .fusion-builder-column-0{width:100% !important;order : 0;}.fusion-builder-column-0 > .fusion-column-wrapper {margin-right : 1.92%;margin-left : 1.92%;}}<\/style><\/div><\/div><style type=\"text\/css\">.fusion-body .fusion-flex-container.fusion-builder-row-1{ padding-top : 0px;margin-top : 0px;padding-right : 0px;padding-bottom : 0px;margin-bottom : 0px;padding-left : 0px;}<\/style><\/div>\n","protected":false},"excerpt":{"rendered":"","protected":false},"author":6,"featured_media":39873,"comment_status":"open","ping_status":"open","sticky":false,"template":"","format":"standard","meta":{"footnotes":""},"categories":[84],"tags":[],"wf_post_folders":[],"class_list":["post-39871","post","type-post","status-publish","format-standard","has-post-thumbnail","hentry","category-notizie"],"yoast_head":"<!-- This site is optimized with the Yoast SEO plugin v28.1 - https:\/\/yoast.com\/product\/yoast-seo-wordpress\/ -->\n<title>Mutui prima casa e Fondo di Garanzia: facciamo chiarezza - AIPD Sede Nazionale<\/title>\n<meta name=\"robots\" content=\"index, follow, max-snippet:-1, max-image-preview:large, max-video-preview:-1\" \/>\n<link rel=\"canonical\" href=\"https:\/\/www.aipd.it\/site\/mutui-prima-casa-e-fondo-di-garanzia-facciamo-chiarezza\/\" \/>\n<meta property=\"og:locale\" content=\"it_IT\" \/>\n<meta property=\"og:type\" content=\"article\" \/>\n<meta property=\"og:title\" content=\"Mutui prima casa e Fondo di Garanzia: facciamo chiarezza - AIPD Sede Nazionale\" \/>\n<meta property=\"og:url\" content=\"https:\/\/www.aipd.it\/site\/mutui-prima-casa-e-fondo-di-garanzia-facciamo-chiarezza\/\" \/>\n<meta property=\"og:site_name\" content=\"AIPD Sede Nazionale\" \/>\n<meta property=\"article:publisher\" content=\"https:\/\/www.facebook.com\/pages\/Associazione-Italiana-Persone-Down-ONLUS\/91463979840?fref=ts\" \/>\n<meta property=\"article:published_time\" content=\"2026-08-31T13:27:33+00:00\" \/>\n<meta property=\"article:modified_time\" content=\"2026-08-31T13:31:20+00:00\" \/>\n<meta property=\"og:image\" content=\"https:\/\/www.aipd.it\/site\/wp-content\/uploads\/2026\/08\/casa-mutui.jpg\" \/>\n\t<meta property=\"og:image:width\" content=\"2000\" \/>\n\t<meta property=\"og:image:height\" content=\"1000\" \/>\n\t<meta property=\"og:image:type\" content=\"image\/jpeg\" \/>\n<meta name=\"author\" content=\"Patrizia Danesi\" \/>\n<meta name=\"twitter:card\" content=\"summary_large_image\" \/>\n<meta name=\"twitter:creator\" content=\"@AIPDnazionale\" \/>\n<meta name=\"twitter:site\" content=\"@AIPDnazionale\" \/>\n<meta name=\"twitter:label1\" content=\"Scritto da\" \/>\n\t<meta name=\"twitter:data1\" content=\"Patrizia Danesi\" \/>\n\t<meta name=\"twitter:label2\" content=\"Tempo di lettura stimato\" \/>\n\t<meta name=\"twitter:data2\" content=\"5 minuti\" \/>\n<script type=\"application\/ld+json\" class=\"yoast-schema-graph\">{\"@context\":\"https:\\\/\\\/schema.org\",\"@graph\":[{\"@type\":\"Article\",\"@id\":\"https:\\\/\\\/www.aipd.it\\\/site\\\/mutui-prima-casa-e-fondo-di-garanzia-facciamo-chiarezza\\\/#article\",\"isPartOf\":{\"@id\":\"https:\\\/\\\/www.aipd.it\\\/site\\\/mutui-prima-casa-e-fondo-di-garanzia-facciamo-chiarezza\\\/\"},\"author\":{\"name\":\"Patrizia Danesi\",\"@id\":\"https:\\\/\\\/www.aipd.it\\\/site\\\/#\\\/schema\\\/person\\\/d103d584e1ebc8f6de34c2139bcb4a77\"},\"headline\":\"Mutui prima casa e Fondo di Garanzia: facciamo chiarezza\",\"datePublished\":\"2026-08-31T13:27:33+00:00\",\"dateModified\":\"2026-08-31T13:31:20+00:00\",\"mainEntityOfPage\":{\"@id\":\"https:\\\/\\\/www.aipd.it\\\/site\\\/mutui-prima-casa-e-fondo-di-garanzia-facciamo-chiarezza\\\/\"},\"wordCount\":1425,\"commentCount\":0,\"publisher\":{\"@id\":\"https:\\\/\\\/www.aipd.it\\\/site\\\/#organization\"},\"image\":{\"@id\":\"https:\\\/\\\/www.aipd.it\\\/site\\\/mutui-prima-casa-e-fondo-di-garanzia-facciamo-chiarezza\\\/#primaryimage\"},\"thumbnailUrl\":\"https:\\\/\\\/www.aipd.it\\\/site\\\/wp-content\\\/uploads\\\/2026\\\/08\\\/casa-mutui.jpg\",\"articleSection\":[\"Notizie\"],\"inLanguage\":\"it-IT\",\"potentialAction\":[{\"@type\":\"CommentAction\",\"name\":\"Comment\",\"target\":[\"https:\\\/\\\/www.aipd.it\\\/site\\\/mutui-prima-casa-e-fondo-di-garanzia-facciamo-chiarezza\\\/#respond\"]}]},{\"@type\":\"WebPage\",\"@id\":\"https:\\\/\\\/www.aipd.it\\\/site\\\/mutui-prima-casa-e-fondo-di-garanzia-facciamo-chiarezza\\\/\",\"url\":\"https:\\\/\\\/www.aipd.it\\\/site\\\/mutui-prima-casa-e-fondo-di-garanzia-facciamo-chiarezza\\\/\",\"name\":\"Mutui prima casa e Fondo di Garanzia: facciamo chiarezza - AIPD Sede Nazionale\",\"isPartOf\":{\"@id\":\"https:\\\/\\\/www.aipd.it\\\/site\\\/#website\"},\"primaryImageOfPage\":{\"@id\":\"https:\\\/\\\/www.aipd.it\\\/site\\\/mutui-prima-casa-e-fondo-di-garanzia-facciamo-chiarezza\\\/#primaryimage\"},\"image\":{\"@id\":\"https:\\\/\\\/www.aipd.it\\\/site\\\/mutui-prima-casa-e-fondo-di-garanzia-facciamo-chiarezza\\\/#primaryimage\"},\"thumbnailUrl\":\"https:\\\/\\\/www.aipd.it\\\/site\\\/wp-content\\\/uploads\\\/2026\\\/08\\\/casa-mutui.jpg\",\"datePublished\":\"2026-08-31T13:27:33+00:00\",\"dateModified\":\"2026-08-31T13:31:20+00:00\",\"breadcrumb\":{\"@id\":\"https:\\\/\\\/www.aipd.it\\\/site\\\/mutui-prima-casa-e-fondo-di-garanzia-facciamo-chiarezza\\\/#breadcrumb\"},\"inLanguage\":\"it-IT\",\"potentialAction\":[{\"@type\":\"ReadAction\",\"target\":[\"https:\\\/\\\/www.aipd.it\\\/site\\\/mutui-prima-casa-e-fondo-di-garanzia-facciamo-chiarezza\\\/\"]}]},{\"@type\":\"ImageObject\",\"inLanguage\":\"it-IT\",\"@id\":\"https:\\\/\\\/www.aipd.it\\\/site\\\/mutui-prima-casa-e-fondo-di-garanzia-facciamo-chiarezza\\\/#primaryimage\",\"url\":\"https:\\\/\\\/www.aipd.it\\\/site\\\/wp-content\\\/uploads\\\/2026\\\/08\\\/casa-mutui.jpg\",\"contentUrl\":\"https:\\\/\\\/www.aipd.it\\\/site\\\/wp-content\\\/uploads\\\/2026\\\/08\\\/casa-mutui.jpg\",\"width\":2000,\"height\":1000},{\"@type\":\"BreadcrumbList\",\"@id\":\"https:\\\/\\\/www.aipd.it\\\/site\\\/mutui-prima-casa-e-fondo-di-garanzia-facciamo-chiarezza\\\/#breadcrumb\",\"itemListElement\":[{\"@type\":\"ListItem\",\"position\":1,\"name\":\"Home\",\"item\":\"https:\\\/\\\/www.aipd.it\\\/site\\\/\"},{\"@type\":\"ListItem\",\"position\":2,\"name\":\"Mutui prima casa e Fondo di Garanzia: facciamo chiarezza\"}]},{\"@type\":\"WebSite\",\"@id\":\"https:\\\/\\\/www.aipd.it\\\/site\\\/#website\",\"url\":\"https:\\\/\\\/www.aipd.it\\\/site\\\/\",\"name\":\"AIPD Sede Nazionale\",\"description\":\"Associazione Italiana Persone Down\",\"publisher\":{\"@id\":\"https:\\\/\\\/www.aipd.it\\\/site\\\/#organization\"},\"potentialAction\":[{\"@type\":\"SearchAction\",\"target\":{\"@type\":\"EntryPoint\",\"urlTemplate\":\"https:\\\/\\\/www.aipd.it\\\/site\\\/?s={search_term_string}\"},\"query-input\":{\"@type\":\"PropertyValueSpecification\",\"valueRequired\":true,\"valueName\":\"search_term_string\"}}],\"inLanguage\":\"it-IT\"},{\"@type\":\"Organization\",\"@id\":\"https:\\\/\\\/www.aipd.it\\\/site\\\/#organization\",\"name\":\"Associazione Italiana Persone Down\",\"url\":\"https:\\\/\\\/www.aipd.it\\\/site\\\/\",\"logo\":{\"@type\":\"ImageObject\",\"inLanguage\":\"it-IT\",\"@id\":\"https:\\\/\\\/www.aipd.it\\\/site\\\/#\\\/schema\\\/logo\\\/image\\\/\",\"url\":\"https:\\\/\\\/www.aipd.it\\\/site\\\/wp-content\\\/uploads\\\/2019\\\/02\\\/logo-140x140-sito.png\",\"contentUrl\":\"https:\\\/\\\/www.aipd.it\\\/site\\\/wp-content\\\/uploads\\\/2019\\\/02\\\/logo-140x140-sito.png\",\"width\":140,\"height\":140,\"caption\":\"Associazione Italiana Persone Down\"},\"image\":{\"@id\":\"https:\\\/\\\/www.aipd.it\\\/site\\\/#\\\/schema\\\/logo\\\/image\\\/\"},\"sameAs\":[\"https:\\\/\\\/www.facebook.com\\\/pages\\\/Associazione-Italiana-Persone-Down-ONLUS\\\/91463979840?fref=ts\",\"https:\\\/\\\/x.com\\\/AIPDnazionale\",\"https:\\\/\\\/www.instagram.com\\\/aipd_nazionale\\\/\",\"http:\\\/\\\/www.youtube.com\\\/user\\\/NazionaleAIPD\"]},{\"@type\":\"Person\",\"@id\":\"https:\\\/\\\/www.aipd.it\\\/site\\\/#\\\/schema\\\/person\\\/d103d584e1ebc8f6de34c2139bcb4a77\",\"name\":\"Patrizia Danesi\",\"image\":{\"@type\":\"ImageObject\",\"inLanguage\":\"it-IT\",\"@id\":\"https:\\\/\\\/secure.gravatar.com\\\/avatar\\\/f7d35e574294a0ecbd0e0330d28d485e1a59b0e2b618165c78d79bc78928308c?s=96&d=mm&r=g\",\"url\":\"https:\\\/\\\/secure.gravatar.com\\\/avatar\\\/f7d35e574294a0ecbd0e0330d28d485e1a59b0e2b618165c78d79bc78928308c?s=96&d=mm&r=g\",\"contentUrl\":\"https:\\\/\\\/secure.gravatar.com\\\/avatar\\\/f7d35e574294a0ecbd0e0330d28d485e1a59b0e2b618165c78d79bc78928308c?s=96&d=mm&r=g\",\"caption\":\"Patrizia Danesi\"},\"url\":\"https:\\\/\\\/www.aipd.it\\\/site\\\/author\\\/patrizia-danesi\\\/\"}]}<\/script>\n<!-- \/ Yoast SEO plugin. -->","yoast_head_json":{"title":"Mutui prima casa e Fondo di Garanzia: facciamo chiarezza - AIPD Sede Nazionale","robots":{"index":"index","follow":"follow","max-snippet":"max-snippet:-1","max-image-preview":"max-image-preview:large","max-video-preview":"max-video-preview:-1"},"canonical":"https:\/\/www.aipd.it\/site\/mutui-prima-casa-e-fondo-di-garanzia-facciamo-chiarezza\/","og_locale":"it_IT","og_type":"article","og_title":"Mutui prima casa e Fondo di Garanzia: facciamo chiarezza - AIPD Sede Nazionale","og_url":"https:\/\/www.aipd.it\/site\/mutui-prima-casa-e-fondo-di-garanzia-facciamo-chiarezza\/","og_site_name":"AIPD Sede Nazionale","article_publisher":"https:\/\/www.facebook.com\/pages\/Associazione-Italiana-Persone-Down-ONLUS\/91463979840?fref=ts","article_published_time":"2026-08-31T13:27:33+00:00","article_modified_time":"2026-08-31T13:31:20+00:00","og_image":[{"width":2000,"height":1000,"url":"https:\/\/www.aipd.it\/site\/wp-content\/uploads\/2026\/08\/casa-mutui.jpg","type":"image\/jpeg"}],"author":"Patrizia Danesi","twitter_card":"summary_large_image","twitter_creator":"@AIPDnazionale","twitter_site":"@AIPDnazionale","twitter_misc":{"Scritto da":"Patrizia Danesi","Tempo di lettura stimato":"5 minuti"},"schema":{"@context":"https:\/\/schema.org","@graph":[{"@type":"Article","@id":"https:\/\/www.aipd.it\/site\/mutui-prima-casa-e-fondo-di-garanzia-facciamo-chiarezza\/#article","isPartOf":{"@id":"https:\/\/www.aipd.it\/site\/mutui-prima-casa-e-fondo-di-garanzia-facciamo-chiarezza\/"},"author":{"name":"Patrizia Danesi","@id":"https:\/\/www.aipd.it\/site\/#\/schema\/person\/d103d584e1ebc8f6de34c2139bcb4a77"},"headline":"Mutui prima casa e Fondo di Garanzia: facciamo chiarezza","datePublished":"2026-08-31T13:27:33+00:00","dateModified":"2026-08-31T13:31:20+00:00","mainEntityOfPage":{"@id":"https:\/\/www.aipd.it\/site\/mutui-prima-casa-e-fondo-di-garanzia-facciamo-chiarezza\/"},"wordCount":1425,"commentCount":0,"publisher":{"@id":"https:\/\/www.aipd.it\/site\/#organization"},"image":{"@id":"https:\/\/www.aipd.it\/site\/mutui-prima-casa-e-fondo-di-garanzia-facciamo-chiarezza\/#primaryimage"},"thumbnailUrl":"https:\/\/www.aipd.it\/site\/wp-content\/uploads\/2026\/08\/casa-mutui.jpg","articleSection":["Notizie"],"inLanguage":"it-IT","potentialAction":[{"@type":"CommentAction","name":"Comment","target":["https:\/\/www.aipd.it\/site\/mutui-prima-casa-e-fondo-di-garanzia-facciamo-chiarezza\/#respond"]}]},{"@type":"WebPage","@id":"https:\/\/www.aipd.it\/site\/mutui-prima-casa-e-fondo-di-garanzia-facciamo-chiarezza\/","url":"https:\/\/www.aipd.it\/site\/mutui-prima-casa-e-fondo-di-garanzia-facciamo-chiarezza\/","name":"Mutui prima casa e Fondo di Garanzia: facciamo chiarezza - AIPD Sede Nazionale","isPartOf":{"@id":"https:\/\/www.aipd.it\/site\/#website"},"primaryImageOfPage":{"@id":"https:\/\/www.aipd.it\/site\/mutui-prima-casa-e-fondo-di-garanzia-facciamo-chiarezza\/#primaryimage"},"image":{"@id":"https:\/\/www.aipd.it\/site\/mutui-prima-casa-e-fondo-di-garanzia-facciamo-chiarezza\/#primaryimage"},"thumbnailUrl":"https:\/\/www.aipd.it\/site\/wp-content\/uploads\/2026\/08\/casa-mutui.jpg","datePublished":"2026-08-31T13:27:33+00:00","dateModified":"2026-08-31T13:31:20+00:00","breadcrumb":{"@id":"https:\/\/www.aipd.it\/site\/mutui-prima-casa-e-fondo-di-garanzia-facciamo-chiarezza\/#breadcrumb"},"inLanguage":"it-IT","potentialAction":[{"@type":"ReadAction","target":["https:\/\/www.aipd.it\/site\/mutui-prima-casa-e-fondo-di-garanzia-facciamo-chiarezza\/"]}]},{"@type":"ImageObject","inLanguage":"it-IT","@id":"https:\/\/www.aipd.it\/site\/mutui-prima-casa-e-fondo-di-garanzia-facciamo-chiarezza\/#primaryimage","url":"https:\/\/www.aipd.it\/site\/wp-content\/uploads\/2026\/08\/casa-mutui.jpg","contentUrl":"https:\/\/www.aipd.it\/site\/wp-content\/uploads\/2026\/08\/casa-mutui.jpg","width":2000,"height":1000},{"@type":"BreadcrumbList","@id":"https:\/\/www.aipd.it\/site\/mutui-prima-casa-e-fondo-di-garanzia-facciamo-chiarezza\/#breadcrumb","itemListElement":[{"@type":"ListItem","position":1,"name":"Home","item":"https:\/\/www.aipd.it\/site\/"},{"@type":"ListItem","position":2,"name":"Mutui prima casa e Fondo di Garanzia: facciamo chiarezza"}]},{"@type":"WebSite","@id":"https:\/\/www.aipd.it\/site\/#website","url":"https:\/\/www.aipd.it\/site\/","name":"AIPD Sede Nazionale","description":"Associazione Italiana Persone Down","publisher":{"@id":"https:\/\/www.aipd.it\/site\/#organization"},"potentialAction":[{"@type":"SearchAction","target":{"@type":"EntryPoint","urlTemplate":"https:\/\/www.aipd.it\/site\/?s={search_term_string}"},"query-input":{"@type":"PropertyValueSpecification","valueRequired":true,"valueName":"search_term_string"}}],"inLanguage":"it-IT"},{"@type":"Organization","@id":"https:\/\/www.aipd.it\/site\/#organization","name":"Associazione Italiana Persone Down","url":"https:\/\/www.aipd.it\/site\/","logo":{"@type":"ImageObject","inLanguage":"it-IT","@id":"https:\/\/www.aipd.it\/site\/#\/schema\/logo\/image\/","url":"https:\/\/www.aipd.it\/site\/wp-content\/uploads\/2019\/02\/logo-140x140-sito.png","contentUrl":"https:\/\/www.aipd.it\/site\/wp-content\/uploads\/2019\/02\/logo-140x140-sito.png","width":140,"height":140,"caption":"Associazione Italiana Persone Down"},"image":{"@id":"https:\/\/www.aipd.it\/site\/#\/schema\/logo\/image\/"},"sameAs":["https:\/\/www.facebook.com\/pages\/Associazione-Italiana-Persone-Down-ONLUS\/91463979840?fref=ts","https:\/\/x.com\/AIPDnazionale","https:\/\/www.instagram.com\/aipd_nazionale\/","http:\/\/www.youtube.com\/user\/NazionaleAIPD"]},{"@type":"Person","@id":"https:\/\/www.aipd.it\/site\/#\/schema\/person\/d103d584e1ebc8f6de34c2139bcb4a77","name":"Patrizia Danesi","image":{"@type":"ImageObject","inLanguage":"it-IT","@id":"https:\/\/secure.gravatar.com\/avatar\/f7d35e574294a0ecbd0e0330d28d485e1a59b0e2b618165c78d79bc78928308c?s=96&d=mm&r=g","url":"https:\/\/secure.gravatar.com\/avatar\/f7d35e574294a0ecbd0e0330d28d485e1a59b0e2b618165c78d79bc78928308c?s=96&d=mm&r=g","contentUrl":"https:\/\/secure.gravatar.com\/avatar\/f7d35e574294a0ecbd0e0330d28d485e1a59b0e2b618165c78d79bc78928308c?s=96&d=mm&r=g","caption":"Patrizia Danesi"},"url":"https:\/\/www.aipd.it\/site\/author\/patrizia-danesi\/"}]}},"_links":{"self":[{"href":"https:\/\/www.aipd.it\/site\/wp-json\/wp\/v2\/posts\/39871","targetHints":{"allow":["GET"]}}],"collection":[{"href":"https:\/\/www.aipd.it\/site\/wp-json\/wp\/v2\/posts"}],"about":[{"href":"https:\/\/www.aipd.it\/site\/wp-json\/wp\/v2\/types\/post"}],"author":[{"embeddable":true,"href":"https:\/\/www.aipd.it\/site\/wp-json\/wp\/v2\/users\/6"}],"replies":[{"embeddable":true,"href":"https:\/\/www.aipd.it\/site\/wp-json\/wp\/v2\/comments?post=39871"}],"version-history":[{"count":3,"href":"https:\/\/www.aipd.it\/site\/wp-json\/wp\/v2\/posts\/39871\/revisions"}],"predecessor-version":[{"id":39875,"href":"https:\/\/www.aipd.it\/site\/wp-json\/wp\/v2\/posts\/39871\/revisions\/39875"}],"wp:featuredmedia":[{"embeddable":true,"href":"https:\/\/www.aipd.it\/site\/wp-json\/wp\/v2\/media\/39873"}],"wp:attachment":[{"href":"https:\/\/www.aipd.it\/site\/wp-json\/wp\/v2\/media?parent=39871"}],"wp:term":[{"taxonomy":"category","embeddable":true,"href":"https:\/\/www.aipd.it\/site\/wp-json\/wp\/v2\/categories?post=39871"},{"taxonomy":"post_tag","embeddable":true,"href":"https:\/\/www.aipd.it\/site\/wp-json\/wp\/v2\/tags?post=39871"},{"taxonomy":"wf_post_folders","embeddable":true,"href":"https:\/\/www.aipd.it\/site\/wp-json\/wp\/v2\/wf_post_folders?post=39871"}],"curies":[{"name":"wp","href":"https:\/\/api.w.org\/{rel}","templated":true}]}}