{"id":39876,"date":"2026-09-04T09:19:16","date_gmt":"2026-09-04T07:19:16","guid":{"rendered":"https:\/\/www.aipd.it\/site\/?p=39876"},"modified":"2026-09-04T11:23:55","modified_gmt":"2026-09-04T09:23:55","slug":"il-ministro-locatelli-incontra-aipd-e-visita-la-sua-sede-nazionale","status":"publish","type":"post","link":"https:\/\/www.aipd.it\/site\/il-ministro-locatelli-incontra-aipd-e-visita-la-sua-sede-nazionale\/","title":{"rendered":"Il ministro Locatelli incontra AIPD e visita la sua sede nazionale"},"content":{"rendered":"<div class=\"fusion-fullwidth fullwidth-box fusion-builder-row-1 fusion-flex-container nonhundred-percent-fullwidth non-hundred-percent-height-scrolling\" style=\"background-color: rgba(255,255,255,0);background-position: center center;background-repeat: no-repeat;border-width: 0px 0px 0px 0px;border-color:#eae9e9;border-style:solid;\" ><div class=\"fusion-builder-row fusion-row fusion-flex-align-items-flex-start\" style=\"max-width:1216.8px;margin-left: calc(-4% \/ 2 );margin-right: calc(-4% \/ 2 );\"><div class=\"fusion-layout-column fusion_builder_column fusion-builder-column-0 fusion_builder_column_1_1 1_1 fusion-flex-column\"><div class=\"fusion-column-wrapper fusion-flex-justify-content-flex-start fusion-content-layout-column\" style=\"background-position:left top;background-repeat:no-repeat;-webkit-background-size:cover;-moz-background-size:cover;-o-background-size:cover;background-size:cover;padding: 0px 0px 0px 0px;\"><div class=\"fusion-text fusion-text-1\"><p><em>Roma, 3 settembre 2026<\/em> \u2013 La <a href=\"https:\/\/www.disabilita.governo.it\/it\/\" target=\"_blank\" rel=\"noopener\">Ministra per le Disabilit\u00e0, On. Alessandra Locatelli<\/a>, ha visitato oggi la sede dell\u2019AIPD &#8211; Associazione Italiana Persone con sindrome di Down, incontrando la struttura nazionale dell\u2019Associazione e la Sezione di Roma.<\/p>\n<p>Ad accoglierla, presso la sede nazionale di Piazza Flavio Biondo, i dipendenti, che hanno avuto l\u2019opportunit\u00e0 di presentarsi personalmente alla Ministra e di illustrare il proprio ruolo professionale, le attivit\u00e0 svolte e il contributo quotidianamente offerto ai progetti e ai servizi rivolti alle persone con sindrome di Down e alle loro famiglie.<br \/>\nLa visita \u00e8 poi proseguita con l\u2019incontro con il Consiglio di Amministrazione di AIPD Nazionale, durante il quale sono state anticipate alcune delle principali questioni che l\u2019Associazione considera oggi prioritarie e raccolte nel documento \u201cProposte per rafforzare i diritti e le opportunit\u00e0 delle persone con sindrome di Down e delle loro famiglie\u201d, che sar\u00e0 inviato ufficialmente alla Ministra.<\/p>\n<p>Tra i principali temi al centro del confronto le criticit\u00e0 relative alle fideiussioni che le associazioni devono stipulare per accedere ai finanziamenti pubblici, l\u2019applicazione della riforma della disabilit\u00e0 e la legge sui caregiver.<br \/>\nAIPD ha inoltre sottolineato bisogni e diritti disattesi relativi alla salute, al lavoro, all\u2019autonomia e alla residenzialit\u00e0.<br \/>\nIl documento nasce dall\u2019esperienza quotidiana maturata da AIPD in oltre quarantacinque anni di attivit\u00e0 e dalla rete delle associazioni territoriali, delle famiglie, dei professionisti e, soprattutto, dal vissuto delle persone con sindrome di Down. L\u2019obiettivo \u00e8 rendere concretamente esigibili e uniformi sul territorio nazionale diritti gi\u00e0 riconosciuti, superando ostacoli burocratici, amministrativi e applicativi che ancora oggi ne limitano la piena e omogenea attuazione.<\/p>\n<p>Particolare attenzione \u00e8 stata dedicata alla questione delle fideiussioni richieste agli Enti del Terzo Settore per poter ottenere le anticipazioni relative ai progetti finanziati dai bandi di concorso degli enti pubblici: un meccanismo che, a causa dell\u2019accumulo delle garanzie richieste e della lentezza dei soggetti erogatori nel validare le rendicontazioni, pu\u00f2 paralizzare le attivit\u00e0 e paradossalmente impedire anche agli enti pi\u00f9 attivi e affidabili di avviare nuovi progetti gi\u00e0 approvati e finanziati.<br \/>\nAIPD ha proposto, tra le possibili soluzioni, l\u2019istituzione di un Fondo pubblico di garanzia per gli Enti del Terzo Settore, insieme a strumenti alternativi, quali garanzie ridotte per gli enti con una comprovata affidabilit\u00e0, svincolo progressivo delle fideiussioni, finanziamenti per stati di avanzamento e procedure di rendicontazione pi\u00f9 tempestive.<\/p>\n<p>Il confronto ha riguardato anche la riforma della disabilit\u00e0, con particolare riferimento alla sperimentazione e sostenibilit\u00e0 del Progetto di vita, che deve realmente essere uno strumento per costruire percorsi personalizzati che tengano conto dei desideri, delle inclinazioni, delle potenzialit\u00e0 e dei bisogni individuali.<br \/>\nTra gli altri temi trattati: l\u2019inclusione lavorativa stabile e accompagnata; il riconoscimento e il sostegno concreto dei caregiver familiari; l\u2019autonomia e la residenzialit\u00e0 secondo il principio del \u201cdurante noi\u201d prima del \u201cdopo di noi\u201d; la scuola, l\u2019accessibilit\u00e0 cognitiva e una maggiore uniformit\u00e0 dei diritti su tutto il territorio nazionale.<br \/>\nAlla base delle proposte formulate da AIPD vi sono principi e obiettivi semplici, ma fondamentali: autonomia possibile, lavoro possibile, abitare e residenzialit\u00e0 possibile, salute possibile, relazioni e partecipazione sociale possibili, costruendo ogni percorso sulle volont\u00e0, sui bisogni e sui sostegni necessari alla singola persona, senza che il livello delle capacit\u00e0 possa mai diventare motivo di esclusione da un diritto.<\/p>\n<p>Nel corso dell\u2019incontro la Ministra Locatelli ha mostrato grande disponibilit\u00e0 all\u2019ascolto e condivisione rispetto alle problematiche rappresentate, manifestando la volont\u00e0 di approfondire le questioni esposte e di portarle all\u2019attenzione di un tavolo tecnico, affinch\u00e9 possano essere individuate soluzioni concrete e, laddove necessario, avviato il relativo percorso normativo e parlamentare.<\/p>\n<p>\u00abSostenere il Terzo Settore \u2013 sottolinea il Presidente nazionale AIPD, Gianfranco Salbini \u2013 significa dare ossigeno a quelle organizzazioni che ogni giorno affiancano le persone con disabilit\u00e0, ma significa anche sostenere concretamente le loro famiglie e i caregiver. Non possiamo chiedere alle associazioni di progettare, innovare e garantire continuit\u00e0 nei servizi e, contemporaneamente, sottoporle a meccanismi burocratici e finanziari che rischiano di paralizzarne l\u2019attivit\u00e0\u00bb.<br \/>\n\u00abLe famiglie \u2013 prosegue Salbini \u2013 non devono essere lasciate sole. \u00c8 necessario costruire una rete reale nella quale istituzioni, servizi pubblici e Terzo Settore condividano responsabilit\u00e0 e strumenti. Il sostegno alle famiglie e ai caregiver non \u00e8 un elemento accessorio delle politiche sulla disabilit\u00e0: \u00e8 una parte essenziale della prevenzione dell\u2019isolamento, della solitudine e di quelle situazioni di esasperazione che, nei casi pi\u00f9 estremi, possono contribuire a creare contesti drammatici. Anche alla luce di recenti fatti di cronaca come quello di Pietralata, dobbiamo interrogarci tutti su cosa sia possibile fare prima, affinch\u00e9 nessuna famiglia venga lasciata sola di fronte a difficolt\u00e0 diventate insostenibili\u00bb.<\/p>\n<p>AIPD ha quindi ribadito la propria piena disponibilit\u00e0 a mettere a disposizione delle istituzioni esperienza, dati, professionalit\u00e0 e rete territoriale, affinch\u00e9 la visita di oggi non rimanga un momento isolato, ma rappresenti l\u2019avvio di un percorso operativo e verificabile.<\/p>\n<p>Il messaggio consegnato alla Ministra \u00e8 chiaro: le persone con sindrome di Down devono poter costruire il proprio progetto di vita, lavorare, abitare, curarsi, avere relazioni e partecipare pienamente alla vita della comunit\u00e0; le famiglie non possono essere lasciate sole e le associazioni devono essere messe nelle condizioni di continuare a garantire servizi e opportunit\u00e0.<\/p>\n<\/div><\/div><style type=\"text\/css\">.fusion-body .fusion-builder-column-0{width:100% !important;margin-top : 0px;margin-bottom : 20px;}.fusion-builder-column-0 > .fusion-column-wrapper {padding-top : 0px !important;padding-right : 0px !important;margin-right : 1.92%;padding-bottom : 0px !important;padding-left : 0px !important;margin-left : 1.92%;}@media only screen and (max-width:1024px) {.fusion-body .fusion-builder-column-0{width:100% !important;order : 0;}.fusion-builder-column-0 > .fusion-column-wrapper {margin-right : 1.92%;margin-left : 1.92%;}}@media only screen and (max-width:640px) {.fusion-body .fusion-builder-column-0{width:100% !important;order : 0;}.fusion-builder-column-0 > .fusion-column-wrapper {margin-right : 1.92%;margin-left : 1.92%;}}<\/style><\/div><\/div><style type=\"text\/css\">.fusion-body .fusion-flex-container.fusion-builder-row-1{ padding-top : 0px;margin-top : 0px;padding-right : 0px;padding-bottom : 0px;margin-bottom : 0px;padding-left : 0px;}<\/style><\/div>\n","protected":false},"excerpt":{"rendered":"","protected":false},"author":6,"featured_media":39881,"comment_status":"open","ping_status":"open","sticky":false,"template":"","format":"standard","meta":{"footnotes":""},"categories":[84],"tags":[],"wf_post_folders":[],"class_list":["post-39876","post","type-post","status-publish","format-standard","has-post-thumbnail","hentry","category-notizie"],"yoast_head":"<!-- This site is optimized with the Yoast SEO plugin v28.1 - https:\/\/yoast.com\/product\/yoast-seo-wordpress\/ -->\n<title>Il ministro Locatelli incontra AIPD e visita la sua sede nazionale - AIPD Sede Nazionale<\/title>\n<meta name=\"robots\" content=\"index, follow, max-snippet:-1, max-image-preview:large, max-video-preview:-1\" \/>\n<link rel=\"canonical\" href=\"https:\/\/www.aipd.it\/site\/il-ministro-locatelli-incontra-aipd-e-visita-la-sua-sede-nazionale\/\" \/>\n<meta property=\"og:locale\" content=\"it_IT\" \/>\n<meta property=\"og:type\" content=\"article\" \/>\n<meta property=\"og:title\" content=\"Il ministro Locatelli incontra AIPD e visita la sua sede nazionale - AIPD Sede Nazionale\" \/>\n<meta property=\"og:url\" content=\"https:\/\/www.aipd.it\/site\/il-ministro-locatelli-incontra-aipd-e-visita-la-sua-sede-nazionale\/\" \/>\n<meta property=\"og:site_name\" content=\"AIPD Sede Nazionale\" \/>\n<meta property=\"article:publisher\" content=\"https:\/\/www.facebook.com\/pages\/Associazione-Italiana-Persone-Down-ONLUS\/91463979840?fref=ts\" \/>\n<meta property=\"article:published_time\" content=\"2026-09-04T07:19:16+00:00\" \/>\n<meta property=\"article:modified_time\" content=\"2026-09-04T09:23:55+00:00\" \/>\n<meta property=\"og:image\" content=\"https:\/\/www.aipd.it\/site\/wp-content\/uploads\/2026\/09\/Locatelli-visitaAIPD.jpg\" \/>\n\t<meta property=\"og:image:width\" content=\"2000\" \/>\n\t<meta property=\"og:image:height\" content=\"1000\" \/>\n\t<meta property=\"og:image:type\" content=\"image\/jpeg\" \/>\n<meta name=\"author\" content=\"Patrizia Danesi\" \/>\n<meta name=\"twitter:card\" content=\"summary_large_image\" \/>\n<meta name=\"twitter:creator\" content=\"@AIPDnazionale\" \/>\n<meta name=\"twitter:site\" content=\"@AIPDnazionale\" \/>\n<meta name=\"twitter:label1\" content=\"Scritto da\" \/>\n\t<meta name=\"twitter:data1\" content=\"Patrizia Danesi\" \/>\n\t<meta name=\"twitter:label2\" content=\"Tempo di lettura stimato\" \/>\n\t<meta name=\"twitter:data2\" content=\"2 minuti\" \/>\n<script type=\"application\/ld+json\" class=\"yoast-schema-graph\">{\"@context\":\"https:\\\/\\\/schema.org\",\"@graph\":[{\"@type\":\"Article\",\"@id\":\"https:\\\/\\\/www.aipd.it\\\/site\\\/il-ministro-locatelli-incontra-aipd-e-visita-la-sua-sede-nazionale\\\/#article\",\"isPartOf\":{\"@id\":\"https:\\\/\\\/www.aipd.it\\\/site\\\/il-ministro-locatelli-incontra-aipd-e-visita-la-sua-sede-nazionale\\\/\"},\"author\":{\"name\":\"Patrizia Danesi\",\"@id\":\"https:\\\/\\\/www.aipd.it\\\/site\\\/#\\\/schema\\\/person\\\/d103d584e1ebc8f6de34c2139bcb4a77\"},\"headline\":\"Il ministro Locatelli incontra AIPD e visita la sua sede nazionale\",\"datePublished\":\"2026-09-04T07:19:16+00:00\",\"dateModified\":\"2026-09-04T09:23:55+00:00\",\"mainEntityOfPage\":{\"@id\":\"https:\\\/\\\/www.aipd.it\\\/site\\\/il-ministro-locatelli-incontra-aipd-e-visita-la-sua-sede-nazionale\\\/\"},\"wordCount\":1465,\"commentCount\":0,\"publisher\":{\"@id\":\"https:\\\/\\\/www.aipd.it\\\/site\\\/#organization\"},\"image\":{\"@id\":\"https:\\\/\\\/www.aipd.it\\\/site\\\/il-ministro-locatelli-incontra-aipd-e-visita-la-sua-sede-nazionale\\\/#primaryimage\"},\"thumbnailUrl\":\"https:\\\/\\\/www.aipd.it\\\/site\\\/wp-content\\\/uploads\\\/2026\\\/09\\\/Locatelli-visitaAIPD.jpg\",\"articleSection\":[\"Notizie\"],\"inLanguage\":\"it-IT\",\"potentialAction\":[{\"@type\":\"CommentAction\",\"name\":\"Comment\",\"target\":[\"https:\\\/\\\/www.aipd.it\\\/site\\\/il-ministro-locatelli-incontra-aipd-e-visita-la-sua-sede-nazionale\\\/#respond\"]}]},{\"@type\":\"WebPage\",\"@id\":\"https:\\\/\\\/www.aipd.it\\\/site\\\/il-ministro-locatelli-incontra-aipd-e-visita-la-sua-sede-nazionale\\\/\",\"url\":\"https:\\\/\\\/www.aipd.it\\\/site\\\/il-ministro-locatelli-incontra-aipd-e-visita-la-sua-sede-nazionale\\\/\",\"name\":\"Il ministro Locatelli incontra AIPD e visita la sua sede nazionale - AIPD Sede Nazionale\",\"isPartOf\":{\"@id\":\"https:\\\/\\\/www.aipd.it\\\/site\\\/#website\"},\"primaryImageOfPage\":{\"@id\":\"https:\\\/\\\/www.aipd.it\\\/site\\\/il-ministro-locatelli-incontra-aipd-e-visita-la-sua-sede-nazionale\\\/#primaryimage\"},\"image\":{\"@id\":\"https:\\\/\\\/www.aipd.it\\\/site\\\/il-ministro-locatelli-incontra-aipd-e-visita-la-sua-sede-nazionale\\\/#primaryimage\"},\"thumbnailUrl\":\"https:\\\/\\\/www.aipd.it\\\/site\\\/wp-content\\\/uploads\\\/2026\\\/09\\\/Locatelli-visitaAIPD.jpg\",\"datePublished\":\"2026-09-04T07:19:16+00:00\",\"dateModified\":\"2026-09-04T09:23:55+00:00\",\"breadcrumb\":{\"@id\":\"https:\\\/\\\/www.aipd.it\\\/site\\\/il-ministro-locatelli-incontra-aipd-e-visita-la-sua-sede-nazionale\\\/#breadcrumb\"},\"inLanguage\":\"it-IT\",\"potentialAction\":[{\"@type\":\"ReadAction\",\"target\":[\"https:\\\/\\\/www.aipd.it\\\/site\\\/il-ministro-locatelli-incontra-aipd-e-visita-la-sua-sede-nazionale\\\/\"]}]},{\"@type\":\"ImageObject\",\"inLanguage\":\"it-IT\",\"@id\":\"https:\\\/\\\/www.aipd.it\\\/site\\\/il-ministro-locatelli-incontra-aipd-e-visita-la-sua-sede-nazionale\\\/#primaryimage\",\"url\":\"https:\\\/\\\/www.aipd.it\\\/site\\\/wp-content\\\/uploads\\\/2026\\\/09\\\/Locatelli-visitaAIPD.jpg\",\"contentUrl\":\"https:\\\/\\\/www.aipd.it\\\/site\\\/wp-content\\\/uploads\\\/2026\\\/09\\\/Locatelli-visitaAIPD.jpg\",\"width\":2000,\"height\":1000},{\"@type\":\"BreadcrumbList\",\"@id\":\"https:\\\/\\\/www.aipd.it\\\/site\\\/il-ministro-locatelli-incontra-aipd-e-visita-la-sua-sede-nazionale\\\/#breadcrumb\",\"itemListElement\":[{\"@type\":\"ListItem\",\"position\":1,\"name\":\"Home\",\"item\":\"https:\\\/\\\/www.aipd.it\\\/site\\\/\"},{\"@type\":\"ListItem\",\"position\":2,\"name\":\"Il ministro Locatelli incontra AIPD e visita la sua sede nazionale\"}]},{\"@type\":\"WebSite\",\"@id\":\"https:\\\/\\\/www.aipd.it\\\/site\\\/#website\",\"url\":\"https:\\\/\\\/www.aipd.it\\\/site\\\/\",\"name\":\"AIPD Sede Nazionale\",\"description\":\"Associazione Italiana Persone Down\",\"publisher\":{\"@id\":\"https:\\\/\\\/www.aipd.it\\\/site\\\/#organization\"},\"potentialAction\":[{\"@type\":\"SearchAction\",\"target\":{\"@type\":\"EntryPoint\",\"urlTemplate\":\"https:\\\/\\\/www.aipd.it\\\/site\\\/?s={search_term_string}\"},\"query-input\":{\"@type\":\"PropertyValueSpecification\",\"valueRequired\":true,\"valueName\":\"search_term_string\"}}],\"inLanguage\":\"it-IT\"},{\"@type\":\"Organization\",\"@id\":\"https:\\\/\\\/www.aipd.it\\\/site\\\/#organization\",\"name\":\"Associazione Italiana Persone Down\",\"url\":\"https:\\\/\\\/www.aipd.it\\\/site\\\/\",\"logo\":{\"@type\":\"ImageObject\",\"inLanguage\":\"it-IT\",\"@id\":\"https:\\\/\\\/www.aipd.it\\\/site\\\/#\\\/schema\\\/logo\\\/image\\\/\",\"url\":\"https:\\\/\\\/www.aipd.it\\\/site\\\/wp-content\\\/uploads\\\/2019\\\/02\\\/logo-140x140-sito.png\",\"contentUrl\":\"https:\\\/\\\/www.aipd.it\\\/site\\\/wp-content\\\/uploads\\\/2019\\\/02\\\/logo-140x140-sito.png\",\"width\":140,\"height\":140,\"caption\":\"Associazione Italiana Persone Down\"},\"image\":{\"@id\":\"https:\\\/\\\/www.aipd.it\\\/site\\\/#\\\/schema\\\/logo\\\/image\\\/\"},\"sameAs\":[\"https:\\\/\\\/www.facebook.com\\\/pages\\\/Associazione-Italiana-Persone-Down-ONLUS\\\/91463979840?fref=ts\",\"https:\\\/\\\/x.com\\\/AIPDnazionale\",\"https:\\\/\\\/www.instagram.com\\\/aipd_nazionale\\\/\",\"http:\\\/\\\/www.youtube.com\\\/user\\\/NazionaleAIPD\"]},{\"@type\":\"Person\",\"@id\":\"https:\\\/\\\/www.aipd.it\\\/site\\\/#\\\/schema\\\/person\\\/d103d584e1ebc8f6de34c2139bcb4a77\",\"name\":\"Patrizia Danesi\",\"image\":{\"@type\":\"ImageObject\",\"inLanguage\":\"it-IT\",\"@id\":\"https:\\\/\\\/secure.gravatar.com\\\/avatar\\\/f7d35e574294a0ecbd0e0330d28d485e1a59b0e2b618165c78d79bc78928308c?s=96&d=mm&r=g\",\"url\":\"https:\\\/\\\/secure.gravatar.com\\\/avatar\\\/f7d35e574294a0ecbd0e0330d28d485e1a59b0e2b618165c78d79bc78928308c?s=96&d=mm&r=g\",\"contentUrl\":\"https:\\\/\\\/secure.gravatar.com\\\/avatar\\\/f7d35e574294a0ecbd0e0330d28d485e1a59b0e2b618165c78d79bc78928308c?s=96&d=mm&r=g\",\"caption\":\"Patrizia Danesi\"},\"url\":\"https:\\\/\\\/www.aipd.it\\\/site\\\/author\\\/patrizia-danesi\\\/\"}]}<\/script>\n<!-- \/ Yoast SEO plugin. -->","yoast_head_json":{"title":"Il ministro Locatelli incontra AIPD e visita la sua sede nazionale - AIPD Sede Nazionale","robots":{"index":"index","follow":"follow","max-snippet":"max-snippet:-1","max-image-preview":"max-image-preview:large","max-video-preview":"max-video-preview:-1"},"canonical":"https:\/\/www.aipd.it\/site\/il-ministro-locatelli-incontra-aipd-e-visita-la-sua-sede-nazionale\/","og_locale":"it_IT","og_type":"article","og_title":"Il ministro Locatelli incontra AIPD e visita la sua sede nazionale - AIPD Sede Nazionale","og_url":"https:\/\/www.aipd.it\/site\/il-ministro-locatelli-incontra-aipd-e-visita-la-sua-sede-nazionale\/","og_site_name":"AIPD Sede Nazionale","article_publisher":"https:\/\/www.facebook.com\/pages\/Associazione-Italiana-Persone-Down-ONLUS\/91463979840?fref=ts","article_published_time":"2026-09-04T07:19:16+00:00","article_modified_time":"2026-09-04T09:23:55+00:00","og_image":[{"width":2000,"height":1000,"url":"https:\/\/www.aipd.it\/site\/wp-content\/uploads\/2026\/09\/Locatelli-visitaAIPD.jpg","type":"image\/jpeg"}],"author":"Patrizia Danesi","twitter_card":"summary_large_image","twitter_creator":"@AIPDnazionale","twitter_site":"@AIPDnazionale","twitter_misc":{"Scritto da":"Patrizia Danesi","Tempo di lettura stimato":"2 minuti"},"schema":{"@context":"https:\/\/schema.org","@graph":[{"@type":"Article","@id":"https:\/\/www.aipd.it\/site\/il-ministro-locatelli-incontra-aipd-e-visita-la-sua-sede-nazionale\/#article","isPartOf":{"@id":"https:\/\/www.aipd.it\/site\/il-ministro-locatelli-incontra-aipd-e-visita-la-sua-sede-nazionale\/"},"author":{"name":"Patrizia Danesi","@id":"https:\/\/www.aipd.it\/site\/#\/schema\/person\/d103d584e1ebc8f6de34c2139bcb4a77"},"headline":"Il ministro Locatelli incontra AIPD e visita la sua sede nazionale","datePublished":"2026-09-04T07:19:16+00:00","dateModified":"2026-09-04T09:23:55+00:00","mainEntityOfPage":{"@id":"https:\/\/www.aipd.it\/site\/il-ministro-locatelli-incontra-aipd-e-visita-la-sua-sede-nazionale\/"},"wordCount":1465,"commentCount":0,"publisher":{"@id":"https:\/\/www.aipd.it\/site\/#organization"},"image":{"@id":"https:\/\/www.aipd.it\/site\/il-ministro-locatelli-incontra-aipd-e-visita-la-sua-sede-nazionale\/#primaryimage"},"thumbnailUrl":"https:\/\/www.aipd.it\/site\/wp-content\/uploads\/2026\/09\/Locatelli-visitaAIPD.jpg","articleSection":["Notizie"],"inLanguage":"it-IT","potentialAction":[{"@type":"CommentAction","name":"Comment","target":["https:\/\/www.aipd.it\/site\/il-ministro-locatelli-incontra-aipd-e-visita-la-sua-sede-nazionale\/#respond"]}]},{"@type":"WebPage","@id":"https:\/\/www.aipd.it\/site\/il-ministro-locatelli-incontra-aipd-e-visita-la-sua-sede-nazionale\/","url":"https:\/\/www.aipd.it\/site\/il-ministro-locatelli-incontra-aipd-e-visita-la-sua-sede-nazionale\/","name":"Il ministro Locatelli incontra AIPD e visita la sua sede nazionale - AIPD Sede Nazionale","isPartOf":{"@id":"https:\/\/www.aipd.it\/site\/#website"},"primaryImageOfPage":{"@id":"https:\/\/www.aipd.it\/site\/il-ministro-locatelli-incontra-aipd-e-visita-la-sua-sede-nazionale\/#primaryimage"},"image":{"@id":"https:\/\/www.aipd.it\/site\/il-ministro-locatelli-incontra-aipd-e-visita-la-sua-sede-nazionale\/#primaryimage"},"thumbnailUrl":"https:\/\/www.aipd.it\/site\/wp-content\/uploads\/2026\/09\/Locatelli-visitaAIPD.jpg","datePublished":"2026-09-04T07:19:16+00:00","dateModified":"2026-09-04T09:23:55+00:00","breadcrumb":{"@id":"https:\/\/www.aipd.it\/site\/il-ministro-locatelli-incontra-aipd-e-visita-la-sua-sede-nazionale\/#breadcrumb"},"inLanguage":"it-IT","potentialAction":[{"@type":"ReadAction","target":["https:\/\/www.aipd.it\/site\/il-ministro-locatelli-incontra-aipd-e-visita-la-sua-sede-nazionale\/"]}]},{"@type":"ImageObject","inLanguage":"it-IT","@id":"https:\/\/www.aipd.it\/site\/il-ministro-locatelli-incontra-aipd-e-visita-la-sua-sede-nazionale\/#primaryimage","url":"https:\/\/www.aipd.it\/site\/wp-content\/uploads\/2026\/09\/Locatelli-visitaAIPD.jpg","contentUrl":"https:\/\/www.aipd.it\/site\/wp-content\/uploads\/2026\/09\/Locatelli-visitaAIPD.jpg","width":2000,"height":1000},{"@type":"BreadcrumbList","@id":"https:\/\/www.aipd.it\/site\/il-ministro-locatelli-incontra-aipd-e-visita-la-sua-sede-nazionale\/#breadcrumb","itemListElement":[{"@type":"ListItem","position":1,"name":"Home","item":"https:\/\/www.aipd.it\/site\/"},{"@type":"ListItem","position":2,"name":"Il ministro Locatelli incontra AIPD e visita la sua sede nazionale"}]},{"@type":"WebSite","@id":"https:\/\/www.aipd.it\/site\/#website","url":"https:\/\/www.aipd.it\/site\/","name":"AIPD Sede Nazionale","description":"Associazione Italiana Persone Down","publisher":{"@id":"https:\/\/www.aipd.it\/site\/#organization"},"potentialAction":[{"@type":"SearchAction","target":{"@type":"EntryPoint","urlTemplate":"https:\/\/www.aipd.it\/site\/?s={search_term_string}"},"query-input":{"@type":"PropertyValueSpecification","valueRequired":true,"valueName":"search_term_string"}}],"inLanguage":"it-IT"},{"@type":"Organization","@id":"https:\/\/www.aipd.it\/site\/#organization","name":"Associazione Italiana Persone Down","url":"https:\/\/www.aipd.it\/site\/","logo":{"@type":"ImageObject","inLanguage":"it-IT","@id":"https:\/\/www.aipd.it\/site\/#\/schema\/logo\/image\/","url":"https:\/\/www.aipd.it\/site\/wp-content\/uploads\/2019\/02\/logo-140x140-sito.png","contentUrl":"https:\/\/www.aipd.it\/site\/wp-content\/uploads\/2019\/02\/logo-140x140-sito.png","width":140,"height":140,"caption":"Associazione Italiana Persone Down"},"image":{"@id":"https:\/\/www.aipd.it\/site\/#\/schema\/logo\/image\/"},"sameAs":["https:\/\/www.facebook.com\/pages\/Associazione-Italiana-Persone-Down-ONLUS\/91463979840?fref=ts","https:\/\/x.com\/AIPDnazionale","https:\/\/www.instagram.com\/aipd_nazionale\/","http:\/\/www.youtube.com\/user\/NazionaleAIPD"]},{"@type":"Person","@id":"https:\/\/www.aipd.it\/site\/#\/schema\/person\/d103d584e1ebc8f6de34c2139bcb4a77","name":"Patrizia Danesi","image":{"@type":"ImageObject","inLanguage":"it-IT","@id":"https:\/\/secure.gravatar.com\/avatar\/f7d35e574294a0ecbd0e0330d28d485e1a59b0e2b618165c78d79bc78928308c?s=96&d=mm&r=g","url":"https:\/\/secure.gravatar.com\/avatar\/f7d35e574294a0ecbd0e0330d28d485e1a59b0e2b618165c78d79bc78928308c?s=96&d=mm&r=g","contentUrl":"https:\/\/secure.gravatar.com\/avatar\/f7d35e574294a0ecbd0e0330d28d485e1a59b0e2b618165c78d79bc78928308c?s=96&d=mm&r=g","caption":"Patrizia Danesi"},"url":"https:\/\/www.aipd.it\/site\/author\/patrizia-danesi\/"}]}},"_links":{"self":[{"href":"https:\/\/www.aipd.it\/site\/wp-json\/wp\/v2\/posts\/39876","targetHints":{"allow":["GET"]}}],"collection":[{"href":"https:\/\/www.aipd.it\/site\/wp-json\/wp\/v2\/posts"}],"about":[{"href":"https:\/\/www.aipd.it\/site\/wp-json\/wp\/v2\/types\/post"}],"author":[{"embeddable":true,"href":"https:\/\/www.aipd.it\/site\/wp-json\/wp\/v2\/users\/6"}],"replies":[{"embeddable":true,"href":"https:\/\/www.aipd.it\/site\/wp-json\/wp\/v2\/comments?post=39876"}],"version-history":[{"count":5,"href":"https:\/\/www.aipd.it\/site\/wp-json\/wp\/v2\/posts\/39876\/revisions"}],"predecessor-version":[{"id":39885,"href":"https:\/\/www.aipd.it\/site\/wp-json\/wp\/v2\/posts\/39876\/revisions\/39885"}],"wp:featuredmedia":[{"embeddable":true,"href":"https:\/\/www.aipd.it\/site\/wp-json\/wp\/v2\/media\/39881"}],"wp:attachment":[{"href":"https:\/\/www.aipd.it\/site\/wp-json\/wp\/v2\/media?parent=39876"}],"wp:term":[{"taxonomy":"category","embeddable":true,"href":"https:\/\/www.aipd.it\/site\/wp-json\/wp\/v2\/categories?post=39876"},{"taxonomy":"post_tag","embeddable":true,"href":"https:\/\/www.aipd.it\/site\/wp-json\/wp\/v2\/tags?post=39876"},{"taxonomy":"wf_post_folders","embeddable":true,"href":"https:\/\/www.aipd.it\/site\/wp-json\/wp\/v2\/wf_post_folders?post=39876"}],"curies":[{"name":"wp","href":"https:\/\/api.w.org\/{rel}","templated":true}]}}